{"id":1523,"date":"2014-04-10T12:12:47","date_gmt":"2014-04-10T12:12:47","guid":{"rendered":"http:\/\/iiinnnttteeerrrnnneeettt.com\/?p=1523"},"modified":"2016-04-07T12:01:21","modified_gmt":"2016-04-07T11:01:21","slug":"volar-en-globo","status":"publish","type":"post","link":"https:\/\/www.sonalegrepetit.com\/CA\/mallorca\/volar-en-globus-sobre-mallorca\/","title":{"rendered":"Volar en globus sobre Mallorca"},"content":{"rendered":"<p>La perspectiva de l&#8217;interior de l&#8217;illa des d&#8217;un globus de bon mat\u00ed quan el vent \u00e9s en calma, \u00e9s una experi\u00e8ncia \u00fanica i imborrable.\u00a0<!--more--> A 15 km de Son Alegre hi ha un glob\u00f2drom que ofereix aquest servei des de fa m\u00e9s de 25 anys. Atreviu-vos-hi, s&#8217;ho val!.<\/p>","protected":false},"excerpt":{"rendered":"<p>La perspectiva de l&#8217;interior de l&#8217;illa des d&#8217;un globus de bon mat\u00ed quan el vent \u00e9s en calma, \u00e9s una experi\u00e8ncia \u00fanica i imborrable.\u00a0<\/p>\n","protected":false},"author":1,"featured_media":1621,"comment_status":"closed","ping_status":"closed","sticky":false,"template":"","format":"standard","meta":{"footnotes":""},"categories":[3],"tags":[],"class_list":["post-1523","post","type-post","status-publish","format-standard","has-post-thumbnail","hentry","category-que-fer"],"yoast_head":"<!-- This site is optimized with the Yoast SEO plugin v25.6 - https:\/\/yoast.com\/wordpress\/plugins\/seo\/ -->\n<title>Volar en globus sobre Mallorca | Son Alegre Petit<\/title>\n<meta name=\"robots\" content=\"index, follow, max-snippet:-1, max-image-preview:large, max-video-preview:-1\" \/>\n<link rel=\"canonical\" href=\"https:\/\/www.sonalegrepetit.com\/mallorca\/fly-in-a-hot-air-balloon-over-mallorca\/\" \/>\n<meta property=\"og:locale\" content=\"ca_ES\" \/>\n<meta property=\"og:type\" content=\"article\" \/>\n<meta property=\"og:title\" content=\"Volar en globus sobre Mallorca | Son Alegre Petit\" \/>\n<meta property=\"og:description\" content=\"La perspectiva de l&#8217;interior de l&#8217;illa des d&#8217;un globus de bon mat\u00ed quan el vent \u00e9s en calma, \u00e9s una experi\u00e8ncia \u00fanica i imborrable.\u00a0\" \/>\n<meta property=\"og:url\" content=\"https:\/\/www.sonalegrepetit.com\/mallorca\/fly-in-a-hot-air-balloon-over-mallorca\/\" \/>\n<meta property=\"og:site_name\" content=\"Son Alegre Petit\" \/>\n<meta property=\"article:published_time\" content=\"2014-04-10T12:12:47+00:00\" \/>\n<meta property=\"article:modified_time\" content=\"2016-04-07T11:01:21+00:00\" \/>\n<meta property=\"og:image\" content=\"https:\/\/www.sonalegrepetit.com\/wp-content\/uploads\/2014\/04\/sonalegre-6.jpg\" \/>\n\t<meta property=\"og:image:width\" content=\"930\" \/>\n\t<meta property=\"og:image:height\" content=\"621\" \/>\n\t<meta property=\"og:image:type\" content=\"image\/jpeg\" \/>\n<meta name=\"author\" content=\"sonalegre\" \/>\n<meta name=\"twitter:card\" content=\"summary_large_image\" \/>\n<meta name=\"twitter:label1\" content=\"Written by\" \/>\n\t<meta name=\"twitter:data1\" content=\"sonalegre\" \/>\n\t<meta name=\"twitter:label2\" content=\"Est. reading time\" \/>\n\t<meta name=\"twitter:data2\" content=\"1 minute\" \/>\n<script type=\"application\/ld+json\" class=\"yoast-schema-graph\">{\"@context\":\"https:\/\/schema.org\",\"@graph\":[{\"@type\":\"WebPage\",\"@id\":\"https:\/\/www.sonalegrepetit.com\/mallorca\/fly-in-a-hot-air-balloon-over-mallorca\/\",\"url\":\"https:\/\/www.sonalegrepetit.com\/mallorca\/fly-in-a-hot-air-balloon-over-mallorca\/\",\"name\":\"Volar en globus sobre Mallorca | Son Alegre Petit\",\"isPartOf\":{\"@id\":\"https:\/\/www.sonalegrepetit.com\/#website\"},\"primaryImageOfPage\":{\"@id\":\"https:\/\/www.sonalegrepetit.com\/mallorca\/fly-in-a-hot-air-balloon-over-mallorca\/#primaryimage\"},\"image\":{\"@id\":\"https:\/\/www.sonalegrepetit.com\/mallorca\/fly-in-a-hot-air-balloon-over-mallorca\/#primaryimage\"},\"thumbnailUrl\":\"https:\/\/www.sonalegrepetit.com\/wp-content\/uploads\/2014\/04\/sonalegre-6.jpg\",\"datePublished\":\"2014-04-10T12:12:47+00:00\",\"dateModified\":\"2016-04-07T11:01:21+00:00\",\"author\":{\"@id\":\"https:\/\/www.sonalegrepetit.com\/#\/schema\/person\/f8683311d767ad5dcd246edb4e83e488\"},\"breadcrumb\":{\"@id\":\"https:\/\/www.sonalegrepetit.com\/mallorca\/fly-in-a-hot-air-balloon-over-mallorca\/#breadcrumb\"},\"inLanguage\":\"ca-ES\",\"potentialAction\":[{\"@type\":\"ReadAction\",\"target\":[\"https:\/\/www.sonalegrepetit.com\/mallorca\/fly-in-a-hot-air-balloon-over-mallorca\/\"]}]},{\"@type\":\"ImageObject\",\"inLanguage\":\"ca-ES\",\"@id\":\"https:\/\/www.sonalegrepetit.com\/mallorca\/fly-in-a-hot-air-balloon-over-mallorca\/#primaryimage\",\"url\":\"https:\/\/www.sonalegrepetit.com\/wp-content\/uploads\/2014\/04\/sonalegre-6.jpg\",\"contentUrl\":\"https:\/\/www.sonalegrepetit.com\/wp-content\/uploads\/2014\/04\/sonalegre-6.jpg\",\"width\":930,\"height\":621,\"caption\":\"eqeq\"},{\"@type\":\"BreadcrumbList\",\"@id\":\"https:\/\/www.sonalegrepetit.com\/mallorca\/fly-in-a-hot-air-balloon-over-mallorca\/#breadcrumb\",\"itemListElement\":[{\"@type\":\"ListItem\",\"position\":1,\"name\":\"Home\",\"item\":\"http:\/\/www.sonalegrepetit.com\/\"},{\"@type\":\"ListItem\",\"position\":2,\"name\":\"Fly: in a hot air balloon over Mallorca\"}]},{\"@type\":\"WebSite\",\"@id\":\"https:\/\/www.sonalegrepetit.com\/#website\",\"url\":\"https:\/\/www.sonalegrepetit.com\/\",\"name\":\"Son Alegre Petit\",\"description\":\"Casa per llogar a Mallorca\",\"potentialAction\":[{\"@type\":\"SearchAction\",\"target\":{\"@type\":\"EntryPoint\",\"urlTemplate\":\"https:\/\/www.sonalegrepetit.com\/?s={search_term_string}\"},\"query-input\":{\"@type\":\"PropertyValueSpecification\",\"valueRequired\":true,\"valueName\":\"search_term_string\"}}],\"inLanguage\":\"ca-ES\"},{\"@type\":\"Person\",\"@id\":\"https:\/\/www.sonalegrepetit.com\/#\/schema\/person\/f8683311d767ad5dcd246edb4e83e488\",\"name\":\"sonalegre\",\"url\":\"https:\/\/www.sonalegrepetit.com\/CA\/author\/sonalegre\/\"}]}<\/script>\n<!-- \/ Yoast SEO plugin. -->","yoast_head_json":{"title":"Volar en globus sobre Mallorca | Son Alegre Petit","robots":{"index":"index","follow":"follow","max-snippet":"max-snippet:-1","max-image-preview":"max-image-preview:large","max-video-preview":"max-video-preview:-1"},"canonical":"https:\/\/www.sonalegrepetit.com\/mallorca\/fly-in-a-hot-air-balloon-over-mallorca\/","og_locale":"ca_ES","og_type":"article","og_title":"Volar en globus sobre Mallorca | Son Alegre Petit","og_description":"La perspectiva de l&#8217;interior de l&#8217;illa des d&#8217;un globus de bon mat\u00ed quan el vent \u00e9s en calma, \u00e9s una experi\u00e8ncia \u00fanica i imborrable.\u00a0","og_url":"https:\/\/www.sonalegrepetit.com\/mallorca\/fly-in-a-hot-air-balloon-over-mallorca\/","og_site_name":"Son Alegre Petit","article_published_time":"2014-04-10T12:12:47+00:00","article_modified_time":"2016-04-07T11:01:21+00:00","og_image":[{"width":930,"height":621,"url":"https:\/\/www.sonalegrepetit.com\/wp-content\/uploads\/2014\/04\/sonalegre-6.jpg","type":"image\/jpeg"}],"author":"sonalegre","twitter_card":"summary_large_image","twitter_misc":{"Written by":"sonalegre","Est. reading time":"1 minute"},"schema":{"@context":"https:\/\/schema.org","@graph":[{"@type":"WebPage","@id":"https:\/\/www.sonalegrepetit.com\/mallorca\/fly-in-a-hot-air-balloon-over-mallorca\/","url":"https:\/\/www.sonalegrepetit.com\/mallorca\/fly-in-a-hot-air-balloon-over-mallorca\/","name":"Volar en globus sobre Mallorca | Son Alegre Petit","isPartOf":{"@id":"https:\/\/www.sonalegrepetit.com\/#website"},"primaryImageOfPage":{"@id":"https:\/\/www.sonalegrepetit.com\/mallorca\/fly-in-a-hot-air-balloon-over-mallorca\/#primaryimage"},"image":{"@id":"https:\/\/www.sonalegrepetit.com\/mallorca\/fly-in-a-hot-air-balloon-over-mallorca\/#primaryimage"},"thumbnailUrl":"https:\/\/www.sonalegrepetit.com\/wp-content\/uploads\/2014\/04\/sonalegre-6.jpg","datePublished":"2014-04-10T12:12:47+00:00","dateModified":"2016-04-07T11:01:21+00:00","author":{"@id":"https:\/\/www.sonalegrepetit.com\/#\/schema\/person\/f8683311d767ad5dcd246edb4e83e488"},"breadcrumb":{"@id":"https:\/\/www.sonalegrepetit.com\/mallorca\/fly-in-a-hot-air-balloon-over-mallorca\/#breadcrumb"},"inLanguage":"ca-ES","potentialAction":[{"@type":"ReadAction","target":["https:\/\/www.sonalegrepetit.com\/mallorca\/fly-in-a-hot-air-balloon-over-mallorca\/"]}]},{"@type":"ImageObject","inLanguage":"ca-ES","@id":"https:\/\/www.sonalegrepetit.com\/mallorca\/fly-in-a-hot-air-balloon-over-mallorca\/#primaryimage","url":"https:\/\/www.sonalegrepetit.com\/wp-content\/uploads\/2014\/04\/sonalegre-6.jpg","contentUrl":"https:\/\/www.sonalegrepetit.com\/wp-content\/uploads\/2014\/04\/sonalegre-6.jpg","width":930,"height":621,"caption":"eqeq"},{"@type":"BreadcrumbList","@id":"https:\/\/www.sonalegrepetit.com\/mallorca\/fly-in-a-hot-air-balloon-over-mallorca\/#breadcrumb","itemListElement":[{"@type":"ListItem","position":1,"name":"Home","item":"http:\/\/www.sonalegrepetit.com\/"},{"@type":"ListItem","position":2,"name":"Fly: in a hot air balloon over Mallorca"}]},{"@type":"WebSite","@id":"https:\/\/www.sonalegrepetit.com\/#website","url":"https:\/\/www.sonalegrepetit.com\/","name":"Son Alegre Petit","description":"Casa per llogar a Mallorca","potentialAction":[{"@type":"SearchAction","target":{"@type":"EntryPoint","urlTemplate":"https:\/\/www.sonalegrepetit.com\/?s={search_term_string}"},"query-input":{"@type":"PropertyValueSpecification","valueRequired":true,"valueName":"search_term_string"}}],"inLanguage":"ca-ES"},{"@type":"Person","@id":"https:\/\/www.sonalegrepetit.com\/#\/schema\/person\/f8683311d767ad5dcd246edb4e83e488","name":"sonalegre","url":"https:\/\/www.sonalegrepetit.com\/CA\/author\/sonalegre\/"}]}},"_links":{"self":[{"href":"https:\/\/www.sonalegrepetit.com\/CA\/wp-json\/wp\/v2\/posts\/1523"}],"collection":[{"href":"https:\/\/www.sonalegrepetit.com\/CA\/wp-json\/wp\/v2\/posts"}],"about":[{"href":"https:\/\/www.sonalegrepetit.com\/CA\/wp-json\/wp\/v2\/types\/post"}],"author":[{"embeddable":true,"href":"https:\/\/www.sonalegrepetit.com\/CA\/wp-json\/wp\/v2\/users\/1"}],"replies":[{"embeddable":true,"href":"https:\/\/www.sonalegrepetit.com\/CA\/wp-json\/wp\/v2\/comments?post=1523"}],"version-history":[{"count":8,"href":"https:\/\/www.sonalegrepetit.com\/CA\/wp-json\/wp\/v2\/posts\/1523\/revisions"}],"predecessor-version":[{"id":2179,"href":"https:\/\/www.sonalegrepetit.com\/CA\/wp-json\/wp\/v2\/posts\/1523\/revisions\/2179"}],"wp:featuredmedia":[{"embeddable":true,"href":"https:\/\/www.sonalegrepetit.com\/CA\/wp-json\/wp\/v2\/media\/1621"}],"wp:attachment":[{"href":"https:\/\/www.sonalegrepetit.com\/CA\/wp-json\/wp\/v2\/media?parent=1523"}],"wp:term":[{"taxonomy":"category","embeddable":true,"href":"https:\/\/www.sonalegrepetit.com\/CA\/wp-json\/wp\/v2\/categories?post=1523"},{"taxonomy":"post_tag","embeddable":true,"href":"https:\/\/www.sonalegrepetit.com\/CA\/wp-json\/wp\/v2\/tags?post=1523"}],"curies":[{"name":"wp","href":"https:\/\/api.w.org\/{rel}","templated":true}]}}